{"id":28976,"date":"2025-01-08T10:01:22","date_gmt":"2025-01-08T09:01:22","guid":{"rendered":"https:\/\/salonvin.sk\/?p=28976"},"modified":"2025-01-08T13:29:39","modified_gmt":"2025-01-08T12:29:39","slug":"s-akymi-vinami-zaciname-mesiac-januar","status":"publish","type":"post","link":"https:\/\/salonvin.sk\/de\/s-akymi-vinami-zaciname-mesiac-januar\/","title":{"rendered":"S ak\u00fdmi v\u00ednami za\u010d\u00edname mesiac janu\u00e1r?"},"content":{"rendered":"<section class=\"l-section wpb_row height_huge color_alternate\"><div class=\"l-section-h i-cf\"><div class=\"g-cols vc_row via_flex valign_middle type_default stacking_default\"><div class=\"vc_col-sm-6 wpb_column vc_column_container us_animate_afl\" style=\"animation-delay:1s\"><div class=\"vc_column-inner us_custom_5b45a7cd\"><div class=\"wpb_wrapper\"><div class=\"w-image us_custom_0fd0a257 obrazok_oble_rohy align_none\"><div class=\"w-image-h\"><img decoding=\"async\" width=\"2048\" height=\"2048\" src=\"https:\/\/salonvin.sk\/wp-content\/uploads\/2025\/01\/Gemini_Generated_Image_3gypsp3gypsp3gyp-1.jpeg\" class=\"attachment-full size-full\" alt=\"\" loading=\"lazy\" srcset=\"https:\/\/salonvin.sk\/wp-content\/uploads\/2025\/01\/Gemini_Generated_Image_3gypsp3gypsp3gyp-1.jpeg 2048w, https:\/\/salonvin.sk\/wp-content\/uploads\/2025\/01\/Gemini_Generated_Image_3gypsp3gypsp3gyp-1-300x300.jpeg 300w, https:\/\/salonvin.sk\/wp-content\/uploads\/2025\/01\/Gemini_Generated_Image_3gypsp3gypsp3gyp-1-1024x1024.jpeg 1024w, https:\/\/salonvin.sk\/wp-content\/uploads\/2025\/01\/Gemini_Generated_Image_3gypsp3gypsp3gyp-1-150x150.jpeg 150w, https:\/\/salonvin.sk\/wp-content\/uploads\/2025\/01\/Gemini_Generated_Image_3gypsp3gypsp3gyp-1-600x600.jpeg 600w\" sizes=\"(max-width: 2048px) 100vw, 2048px\" \/><\/div><\/div><\/div><\/div><\/div><div class=\"vc_col-sm-6 wpb_column vc_column_container\"><div class=\"vc_column-inner us_custom_c86002cd\"><div class=\"wpb_wrapper\">[vc_custom_heading text=&#8221;janu\u00e1rov\u00e9 po\u010dasie&#8221; use_theme_fonts=&#8221;yes&#8221;]<div class=\"wpb_text_column\"><div class=\"wpb_wrapper\"><p>Janu\u00e1r je typicky chladn\u00fd mesiac, hoci sa ob\u010das stret\u00e1vame s teplotn\u00fdmi v\u00fdkyvmi a ne\u010dakan\u00fdmi zmenami po\u010dasia. V\u00edna vhodn\u00e9 na toto obdobie by mali ma\u0165 spravidla pln\u0161ie telo a v\u00fdraznej\u0161iu chu\u0165, aby harmonicky dop\u013a\u0148ali sez\u00f3nne pokrmy.<\/p>\n<\/div><\/div><\/div><\/div><\/div><\/div><\/div><\/section><section class=\"l-section wpb_row height_huge\"><div class=\"l-section-h i-cf\"><div class=\"g-cols vc_row via_flex valign_middle type_default stacking_default\"><div class=\"vc_col-sm-6 wpb_column vc_column_container\"><div class=\"vc_column-inner us_custom_c86002cd\"><div class=\"wpb_wrapper\">[vc_custom_heading text=&#8221;Ak\u00e9 odrody si dopria\u0165 v mesiaci janu\u00e1r?&#8221; use_theme_fonts=&#8221;yes&#8221;]<div class=\"wpb_text_column\"><div class=\"wpb_wrapper\"><p><a href=\"https:\/\/salonvin.sk\/eshop\/?filter_pa_odroda=frankovka-modra\"><strong>Frankovka modr\u00e1<\/strong><\/a>, typick\u00e1 slovensk\u00e1 odroda, je skvelou vo\u013ebou. Jej bohat\u00e9 ovocn\u00e9 t\u00f3ny a jemn\u00e1 korenitos\u0165 sa v\u00fdborne hodia k jedl\u00e1m ako gul\u00e1\u0161 alebo pe\u010den\u00e9 m\u00e4so. \u010eal\u0161ou klasikou je <a href=\"https:\/\/salonvin.sk\/eshop\/?filter_pa_odroda=rulandske-modre\"><strong>Rulandsk\u00e9 modr\u00e9<\/strong><\/a>, ktor\u00e9 svojou eleganciou oslov\u00ed milovn\u00edkov \u013eah\u0161\u00edch \u010derven\u00fdch v\u00edn. Ak preferujete biele v\u00edna, <a href=\"https:\/\/salonvin.sk\/eshop\/?filter_pa_odroda=rizling-rynsky\"><strong>Rizling r\u00fdnsky<\/strong><\/a> je ide\u00e1lny v\u010faka svojej svie\u017eosti a miner\u00e1lnemu charakteru, ktor\u00fd sa hod\u00ed k ryb\u00e1m \u010di syrom.<\/p>\n<p>V janu\u00e1ri si m\u00f4\u017eete dopria\u0165 aj slad\u0161ie v\u00edna, ako napr\u00edklad <strong>Dev\u00edn<\/strong>, ktor\u00fd je zn\u00e1my svojimi kvetinov\u00fdmi a korenist\u00fdmi t\u00f3nmi. Pre t\u00fdch, \u010do h\u013eadaj\u00fa nie\u010do \u0161peci\u00e1lne, s\u00fa tu aj \u013eadov\u00e9 v\u00edna zo slovensk\u00fdch vinohradov, ktor\u00e9 s\u00fa vz\u00e1cnym a luxusn\u00fdm pote\u0161en\u00edm. <a href=\"https:\/\/salonvin.sk\/eshop\/?filter_pa_odroda=veltlinske-zelene\"><strong>Veltl\u00ednske zelen\u00e9<\/strong><\/a>, s jeho jemnou pikantnos\u0165ou a stredn\u00fdm telom, je skvelou vo\u013ebou k zeleninov\u00fdm pokrmom. Janu\u00e1r je taktie\u017e ide\u00e1lny \u010das na degust\u00e1ciu v\u00edn z Tokaja, najm\u00e4 sladk\u00fdch <a href=\"https:\/\/salonvin.sk\/eshop\/?filter_pa_oblast=tokajska\">tokajsk\u00fdch put\u0148ov\u00fdch v\u00edn<\/a>, ktor\u00e9 v\u00e1s zahrej\u00fa a pote\u0161ia svojou harm\u00f3niou.<\/p>\n<p>Nezabudnite ani na <strong>cuv\u00e9e<\/strong>, ktor\u00e9 m\u00f4\u017ee pon\u00faknu\u0165 jedine\u010dn\u00e9 kombin\u00e1cie chut\u00ed od slovensk\u00fdch vin\u00e1rov. V slovensk\u00fdch v\u00ednach n\u00e1jdete ide\u00e1lneho spolo\u010dn\u00edka pre zimn\u00e9 chv\u00edle.<\/p>\n<\/div><\/div><\/div><\/div><\/div><div class=\"vc_col-sm-6 wpb_column vc_column_container us_animate_afr\" style=\"animation-delay:1s\"><div class=\"vc_column-inner us_custom_5b45a7cd\"><div class=\"wpb_wrapper\"><div class=\"w-image us_custom_0d9f474e obrazok_oble_rohy align_none\"><div class=\"w-image-h\"><img decoding=\"async\" width=\"2048\" height=\"2048\" src=\"https:\/\/salonvin.sk\/wp-content\/uploads\/2025\/01\/Gemini_Generated_Image_8lb3j78lb3j78lb3-1.jpeg\" class=\"attachment-full size-full\" alt=\"\" loading=\"lazy\" srcset=\"https:\/\/salonvin.sk\/wp-content\/uploads\/2025\/01\/Gemini_Generated_Image_8lb3j78lb3j78lb3-1.jpeg 2048w, https:\/\/salonvin.sk\/wp-content\/uploads\/2025\/01\/Gemini_Generated_Image_8lb3j78lb3j78lb3-1-300x300.jpeg 300w, https:\/\/salonvin.sk\/wp-content\/uploads\/2025\/01\/Gemini_Generated_Image_8lb3j78lb3j78lb3-1-1024x1024.jpeg 1024w, https:\/\/salonvin.sk\/wp-content\/uploads\/2025\/01\/Gemini_Generated_Image_8lb3j78lb3j78lb3-1-150x150.jpeg 150w, https:\/\/salonvin.sk\/wp-content\/uploads\/2025\/01\/Gemini_Generated_Image_8lb3j78lb3j78lb3-1-600x600.jpeg 600w\" sizes=\"(max-width: 2048px) 100vw, 2048px\" \/><\/div><\/div><\/div><\/div><\/div><\/div><\/div><\/section><section class=\"l-section wpb_row us_custom_0d15be52 height_medium color_alternate with_img parallax_ver parallaxdir_reversed\"><div class=\"l-section-img\" role=\"img\" aria-label=\"narodny-salon-vin-ochutnavka-vin-vinoteka\" data-img-width=\"1920\" data-img-height=\"1280\" style=\"background-image: url(https:\/\/salonvin.sk\/wp-content\/uploads\/2019\/06\/narodny-salon-vin-ochutnavka-vin-vinoteka-22.jpeg);background-position: top center;background-repeat: no-repeat;background-size: auto;\"><\/div><div class=\"l-section-h i-cf\"><div class=\"g-cols vc_row via_flex valign_top type_default stacking_default\"><div class=\"vc_col-sm-12 wpb_column vc_column_container has_bg_color\"><div class=\"vc_column-inner us_custom_6a297a9b\"><div class=\"wpb_wrapper\">[vc_custom_heading text=&#8221;Ochutnajte to najlep\u0161ie zo Slovenska&#8221; font_container=&#8221;tag:h2|text_align:center&#8221; use_theme_fonts=&#8221;yes&#8221;]<div class=\"w-separator size_small\"><\/div><div class=\"g-cols wpb_row via_flex valign_top type_default stacking_default\"><div class=\"vc_col-sm-12 wpb_column vc_column_container\"><div class=\"vc_column-inner\"><div class=\"wpb_wrapper\"><div class=\"wpb_text_column\"><div class=\"wpb_wrapper\"><p style=\"text-align: center;\">V na\u0161ej ponuke n\u00e1jdete kolekciu kvalitn\u00fdch v\u00edn, ktor\u00e9 pre\u0161li pr\u00edsnym v\u00fdberom najvy\u0161\u0161ej vin\u00e1rskej s\u00fa\u0165a\u017ee na Slovensku. Ochutnajte to najlep\u0161ie, \u010do na\u0161i vin\u00e1ri dopestovali a vytvorili s l\u00e1skou.<\/p>\n<\/div><\/div><\/div><\/div><\/div><\/div><div class=\"w-separator size_medium\"><\/div><div class=\"w-btn-wrapper align_center\"><a class=\"w-btn us-btn-style_1 us_custom_f73f4019\" href=\"https:\/\/salonvin.sk\/e-shop-vsetko\/\"><span class=\"w-btn-label\">Pozrite si v\u00fdber TOP v\u00edn<\/span><\/a><\/div><\/div><\/div><\/div><\/div><\/div><\/section>\n","protected":false},"excerpt":{"rendered":"[vc_custom_heading text=\"janu\u00e1rov\u00e9 po\u010dasie\" use_theme_fonts=\"yes\"]Janu\u00e1r je typicky chladn\u00fd mesiac, hoci sa ob\u010das stret\u00e1vame s teplotn\u00fdmi v\u00fdkyvmi a ne\u010dakan\u00fdmi zmenami po\u010dasia. V\u00edna vhodn\u00e9 na toto obdobie by mali ma\u0165 spravidla pln\u0161ie telo a v\u00fdraznej\u0161iu chu\u0165, aby harmonicky dop\u013a\u0148ali sez\u00f3nne pokrmy. [vc_custom_heading text=\"Ak\u00e9 odrody si dopria\u0165 v mesiaci janu\u00e1r?\" use_theme_fonts=\"yes\"]Frankovka modr\u00e1, typick\u00e1 slovensk\u00e1 odroda, je skvelou vo\u013ebou. Jej...","protected":false},"author":2,"featured_media":28985,"comment_status":"closed","ping_status":"open","sticky":false,"template":"","format":"standard","meta":{"footnotes":""},"categories":[22],"tags":[],"class_list":["post-28976","post","type-post","status-publish","format-standard","has-post-thumbnail","hentry","category-vinne-novinky"],"yoast_head":"<!-- This site is optimized with the Yoast SEO plugin v25.6 - https:\/\/yoast.com\/wordpress\/plugins\/seo\/ -->\n<title>S ak\u00fdmi v\u00ednami za\u010d\u00edname mesiac janu\u00e1r? - Sal\u00f3n v\u00edn<\/title>\n<meta name=\"robots\" content=\"index, follow, max-snippet:-1, max-image-preview:large, max-video-preview:-1\" \/>\n<link rel=\"canonical\" href=\"https:\/\/salonvin.sk\/de\/s-akymi-vinami-zaciname-mesiac-januar\/\" \/>\n<meta property=\"og:locale\" content=\"de_DE\" \/>\n<meta property=\"og:type\" content=\"article\" \/>\n<meta property=\"og:title\" content=\"S ak\u00fdmi v\u00ednami za\u010d\u00edname mesiac janu\u00e1r? - Sal\u00f3n v\u00edn\" \/>\n<meta property=\"og:url\" content=\"https:\/\/salonvin.sk\/de\/s-akymi-vinami-zaciname-mesiac-januar\/\" \/>\n<meta property=\"og:site_name\" content=\"Sal\u00f3n v\u00edn\" \/>\n<meta property=\"article:publisher\" content=\"https:\/\/www.facebook.com\/narodnysalonvinslovenskejrepubliky\/\" \/>\n<meta property=\"article:published_time\" content=\"2025-01-08T09:01:22+00:00\" \/>\n<meta property=\"article:modified_time\" content=\"2025-01-08T12:29:39+00:00\" \/>\n<meta property=\"og:image\" content=\"https:\/\/salonvin.sk\/wp-content\/uploads\/2025\/01\/unnamed-8-scaled.jpg\" \/>\n\t<meta property=\"og:image:width\" content=\"2560\" \/>\n\t<meta property=\"og:image:height\" content=\"1920\" \/>\n\t<meta property=\"og:image:type\" content=\"image\/jpeg\" \/>\n<meta name=\"author\" content=\"Sal\u00f3n v\u00edn\" \/>\n<meta name=\"twitter:card\" content=\"summary_large_image\" \/>\n<meta name=\"twitter:label1\" content=\"Verfasst von\" \/>\n\t<meta name=\"twitter:data1\" content=\"Sal\u00f3n v\u00edn\" \/>\n\t<meta name=\"twitter:label2\" content=\"Gesch\u00e4tzte Lesezeit\" \/>\n\t<meta name=\"twitter:data2\" content=\"2\u00a0Minuten\" \/>\n<script type=\"application\/ld+json\" class=\"yoast-schema-graph\">{\"@context\":\"https:\/\/schema.org\",\"@graph\":[{\"@type\":\"WebPage\",\"@id\":\"https:\/\/salonvin.sk\/de\/s-akymi-vinami-zaciname-mesiac-januar\/\",\"url\":\"https:\/\/salonvin.sk\/de\/s-akymi-vinami-zaciname-mesiac-januar\/\",\"name\":\"S ak\u00fdmi v\u00ednami za\u010d\u00edname mesiac janu\u00e1r? - Sal\u00f3n v\u00edn\",\"isPartOf\":{\"@id\":\"https:\/\/salonvin.sk\/de\/#website\"},\"primaryImageOfPage\":{\"@id\":\"https:\/\/salonvin.sk\/de\/s-akymi-vinami-zaciname-mesiac-januar\/#primaryimage\"},\"image\":{\"@id\":\"https:\/\/salonvin.sk\/de\/s-akymi-vinami-zaciname-mesiac-januar\/#primaryimage\"},\"thumbnailUrl\":\"https:\/\/salonvin.sk\/wp-content\/uploads\/2025\/01\/unnamed-8-scaled.jpg\",\"datePublished\":\"2025-01-08T09:01:22+00:00\",\"dateModified\":\"2025-01-08T12:29:39+00:00\",\"author\":{\"@id\":\"https:\/\/salonvin.sk\/de\/#\/schema\/person\/30eacf6a595c9eed9c186d0e4b85a5d1\"},\"breadcrumb\":{\"@id\":\"https:\/\/salonvin.sk\/de\/s-akymi-vinami-zaciname-mesiac-januar\/#breadcrumb\"},\"inLanguage\":\"de\",\"potentialAction\":[{\"@type\":\"ReadAction\",\"target\":[\"https:\/\/salonvin.sk\/de\/s-akymi-vinami-zaciname-mesiac-januar\/\"]}]},{\"@type\":\"ImageObject\",\"inLanguage\":\"de\",\"@id\":\"https:\/\/salonvin.sk\/de\/s-akymi-vinami-zaciname-mesiac-januar\/#primaryimage\",\"url\":\"https:\/\/salonvin.sk\/wp-content\/uploads\/2025\/01\/unnamed-8-scaled.jpg\",\"contentUrl\":\"https:\/\/salonvin.sk\/wp-content\/uploads\/2025\/01\/unnamed-8-scaled.jpg\",\"width\":2560,\"height\":1920},{\"@type\":\"BreadcrumbList\",\"@id\":\"https:\/\/salonvin.sk\/de\/s-akymi-vinami-zaciname-mesiac-januar\/#breadcrumb\",\"itemListElement\":[{\"@type\":\"ListItem\",\"position\":1,\"name\":\"Home\",\"item\":\"https:\/\/salonvin.sk\/de\/\"},{\"@type\":\"ListItem\",\"position\":2,\"name\":\"S ak\u00fdmi v\u00ednami za\u010d\u00edname mesiac janu\u00e1r?\"}]},{\"@type\":\"WebSite\",\"@id\":\"https:\/\/salonvin.sk\/de\/#website\",\"url\":\"https:\/\/salonvin.sk\/de\/\",\"name\":\"Sal\u00f3n v\u00edn\",\"description\":\"\",\"potentialAction\":[{\"@type\":\"SearchAction\",\"target\":{\"@type\":\"EntryPoint\",\"urlTemplate\":\"https:\/\/salonvin.sk\/de\/?s={search_term_string}\"},\"query-input\":{\"@type\":\"PropertyValueSpecification\",\"valueRequired\":true,\"valueName\":\"search_term_string\"}}],\"inLanguage\":\"de\"},{\"@type\":\"Person\",\"@id\":\"https:\/\/salonvin.sk\/de\/#\/schema\/person\/30eacf6a595c9eed9c186d0e4b85a5d1\",\"name\":\"Sal\u00f3n v\u00edn\",\"image\":{\"@type\":\"ImageObject\",\"inLanguage\":\"de\",\"@id\":\"https:\/\/salonvin.sk\/de\/#\/schema\/person\/image\/\",\"url\":\"https:\/\/secure.gravatar.com\/avatar\/65aeed7f2ca54377c30931d86a683190?s=96&d=mm&r=g\",\"contentUrl\":\"https:\/\/secure.gravatar.com\/avatar\/65aeed7f2ca54377c30931d86a683190?s=96&d=mm&r=g\",\"caption\":\"Sal\u00f3n v\u00edn\"},\"url\":\"https:\/\/salonvin.sk\/de\/author\/salonadministratorvin\/\"}]}<\/script>\n<!-- \/ Yoast SEO plugin. -->","yoast_head_json":{"title":"S ak\u00fdmi v\u00ednami za\u010d\u00edname mesiac janu\u00e1r? - Sal\u00f3n v\u00edn","robots":{"index":"index","follow":"follow","max-snippet":"max-snippet:-1","max-image-preview":"max-image-preview:large","max-video-preview":"max-video-preview:-1"},"canonical":"https:\/\/salonvin.sk\/de\/s-akymi-vinami-zaciname-mesiac-januar\/","og_locale":"de_DE","og_type":"article","og_title":"S ak\u00fdmi v\u00ednami za\u010d\u00edname mesiac janu\u00e1r? - Sal\u00f3n v\u00edn","og_url":"https:\/\/salonvin.sk\/de\/s-akymi-vinami-zaciname-mesiac-januar\/","og_site_name":"Sal\u00f3n v\u00edn","article_publisher":"https:\/\/www.facebook.com\/narodnysalonvinslovenskejrepubliky\/","article_published_time":"2025-01-08T09:01:22+00:00","article_modified_time":"2025-01-08T12:29:39+00:00","og_image":[{"width":2560,"height":1920,"url":"https:\/\/salonvin.sk\/wp-content\/uploads\/2025\/01\/unnamed-8-scaled.jpg","type":"image\/jpeg"}],"author":"Sal\u00f3n v\u00edn","twitter_card":"summary_large_image","twitter_misc":{"Verfasst von":"Sal\u00f3n v\u00edn","Gesch\u00e4tzte Lesezeit":"2\u00a0Minuten"},"schema":{"@context":"https:\/\/schema.org","@graph":[{"@type":"WebPage","@id":"https:\/\/salonvin.sk\/de\/s-akymi-vinami-zaciname-mesiac-januar\/","url":"https:\/\/salonvin.sk\/de\/s-akymi-vinami-zaciname-mesiac-januar\/","name":"S ak\u00fdmi v\u00ednami za\u010d\u00edname mesiac janu\u00e1r? - Sal\u00f3n v\u00edn","isPartOf":{"@id":"https:\/\/salonvin.sk\/de\/#website"},"primaryImageOfPage":{"@id":"https:\/\/salonvin.sk\/de\/s-akymi-vinami-zaciname-mesiac-januar\/#primaryimage"},"image":{"@id":"https:\/\/salonvin.sk\/de\/s-akymi-vinami-zaciname-mesiac-januar\/#primaryimage"},"thumbnailUrl":"https:\/\/salonvin.sk\/wp-content\/uploads\/2025\/01\/unnamed-8-scaled.jpg","datePublished":"2025-01-08T09:01:22+00:00","dateModified":"2025-01-08T12:29:39+00:00","author":{"@id":"https:\/\/salonvin.sk\/de\/#\/schema\/person\/30eacf6a595c9eed9c186d0e4b85a5d1"},"breadcrumb":{"@id":"https:\/\/salonvin.sk\/de\/s-akymi-vinami-zaciname-mesiac-januar\/#breadcrumb"},"inLanguage":"de","potentialAction":[{"@type":"ReadAction","target":["https:\/\/salonvin.sk\/de\/s-akymi-vinami-zaciname-mesiac-januar\/"]}]},{"@type":"ImageObject","inLanguage":"de","@id":"https:\/\/salonvin.sk\/de\/s-akymi-vinami-zaciname-mesiac-januar\/#primaryimage","url":"https:\/\/salonvin.sk\/wp-content\/uploads\/2025\/01\/unnamed-8-scaled.jpg","contentUrl":"https:\/\/salonvin.sk\/wp-content\/uploads\/2025\/01\/unnamed-8-scaled.jpg","width":2560,"height":1920},{"@type":"BreadcrumbList","@id":"https:\/\/salonvin.sk\/de\/s-akymi-vinami-zaciname-mesiac-januar\/#breadcrumb","itemListElement":[{"@type":"ListItem","position":1,"name":"Home","item":"https:\/\/salonvin.sk\/de\/"},{"@type":"ListItem","position":2,"name":"S ak\u00fdmi v\u00ednami za\u010d\u00edname mesiac janu\u00e1r?"}]},{"@type":"WebSite","@id":"https:\/\/salonvin.sk\/de\/#website","url":"https:\/\/salonvin.sk\/de\/","name":"Sal\u00f3n v\u00edn","description":"","potentialAction":[{"@type":"SearchAction","target":{"@type":"EntryPoint","urlTemplate":"https:\/\/salonvin.sk\/de\/?s={search_term_string}"},"query-input":{"@type":"PropertyValueSpecification","valueRequired":true,"valueName":"search_term_string"}}],"inLanguage":"de"},{"@type":"Person","@id":"https:\/\/salonvin.sk\/de\/#\/schema\/person\/30eacf6a595c9eed9c186d0e4b85a5d1","name":"Sal\u00f3n v\u00edn","image":{"@type":"ImageObject","inLanguage":"de","@id":"https:\/\/salonvin.sk\/de\/#\/schema\/person\/image\/","url":"https:\/\/secure.gravatar.com\/avatar\/65aeed7f2ca54377c30931d86a683190?s=96&d=mm&r=g","contentUrl":"https:\/\/secure.gravatar.com\/avatar\/65aeed7f2ca54377c30931d86a683190?s=96&d=mm&r=g","caption":"Sal\u00f3n v\u00edn"},"url":"https:\/\/salonvin.sk\/de\/author\/salonadministratorvin\/"}]}},"_links":{"self":[{"href":"https:\/\/salonvin.sk\/de\/wp-json\/wp\/v2\/posts\/28976"}],"collection":[{"href":"https:\/\/salonvin.sk\/de\/wp-json\/wp\/v2\/posts"}],"about":[{"href":"https:\/\/salonvin.sk\/de\/wp-json\/wp\/v2\/types\/post"}],"author":[{"embeddable":true,"href":"https:\/\/salonvin.sk\/de\/wp-json\/wp\/v2\/users\/2"}],"replies":[{"embeddable":true,"href":"https:\/\/salonvin.sk\/de\/wp-json\/wp\/v2\/comments?post=28976"}],"version-history":[{"count":2,"href":"https:\/\/salonvin.sk\/de\/wp-json\/wp\/v2\/posts\/28976\/revisions"}],"predecessor-version":[{"id":28984,"href":"https:\/\/salonvin.sk\/de\/wp-json\/wp\/v2\/posts\/28976\/revisions\/28984"}],"wp:featuredmedia":[{"embeddable":true,"href":"https:\/\/salonvin.sk\/de\/wp-json\/wp\/v2\/media\/28985"}],"wp:attachment":[{"href":"https:\/\/salonvin.sk\/de\/wp-json\/wp\/v2\/media?parent=28976"}],"wp:term":[{"taxonomy":"category","embeddable":true,"href":"https:\/\/salonvin.sk\/de\/wp-json\/wp\/v2\/categories?post=28976"},{"taxonomy":"post_tag","embeddable":true,"href":"https:\/\/salonvin.sk\/de\/wp-json\/wp\/v2\/tags?post=28976"}],"curies":[{"name":"wp","href":"https:\/\/api.w.org\/{rel}","templated":true}]}}