{"id":8942,"date":"2021-06-11T17:14:34","date_gmt":"2021-06-11T15:14:34","guid":{"rendered":"https:\/\/salonvin.sk\/?p=8942"},"modified":"2021-07-01T10:51:39","modified_gmt":"2021-07-01T08:51:39","slug":"zlate-slovenske-vina-z-awc-vienna-2020-degustacia-v-narodnom-salone-vin-sr","status":"publish","type":"post","link":"https:\/\/salonvin.sk\/en\/zlate-slovenske-vina-z-awc-vienna-2020-degustacia-v-narodnom-salone-vin-sr\/","title":{"rendered":"Zlat\u00e9 slovensk\u00e9 v\u00edna z AWC Vienna 2020 &#8211; degust\u00e1cia v N\u00e1rodnom sal\u00f3ne v\u00edn SR"},"content":{"rendered":"<section class=\"l-section wpb_row height_huge color_alternate\"><div class=\"l-section-h i-cf\"><div class=\"g-cols vc_row via_flex valign_middle type_default stacking_default\"><div class=\"vc_col-sm-6 wpb_column vc_column_container us_animate_afl\" style=\"animation-delay:1s\"><div class=\"vc_column-inner us_custom_5b45a7cd\"><div class=\"wpb_wrapper\"><div class=\"w-image us_custom_1e482529 obrazok_oble_rohy align_none\"><div class=\"w-image-h\"><img decoding=\"async\" width=\"720\" height=\"1080\" src=\"https:\/\/salonvin.sk\/wp-content\/uploads\/2019\/10\/narodny-salon-vin-vinoteka-ochutnavka-vin-3.jpg\" class=\"attachment-full size-full\" alt=\"\" loading=\"lazy\" srcset=\"https:\/\/salonvin.sk\/wp-content\/uploads\/2019\/10\/narodny-salon-vin-vinoteka-ochutnavka-vin-3.jpg 720w, https:\/\/salonvin.sk\/wp-content\/uploads\/2019\/10\/narodny-salon-vin-vinoteka-ochutnavka-vin-3-600x900.jpg 600w, https:\/\/salonvin.sk\/wp-content\/uploads\/2019\/10\/narodny-salon-vin-vinoteka-ochutnavka-vin-3-200x300.jpg 200w, https:\/\/salonvin.sk\/wp-content\/uploads\/2019\/10\/narodny-salon-vin-vinoteka-ochutnavka-vin-3-683x1024.jpg 683w\" sizes=\"(max-width: 720px) 100vw, 720px\" \/><\/div><\/div><\/div><\/div><\/div><div class=\"vc_col-sm-6 wpb_column vc_column_container\"><div class=\"vc_column-inner us_custom_c86002cd\"><div class=\"wpb_wrapper\">[vc_custom_heading text=&#8221;Degust\u00e1cia zlat\u00fdch v\u00edn z AWC Vienna 2020&#8243; use_theme_fonts=&#8221;yes&#8221;]<div class=\"wpb_text_column\"><div class=\"wpb_wrapper\"><p><strong>Zlat\u00e9 v\u00edna z AWC Vienna\u00a0<\/strong><\/p>\n<p>Ob\u013e\u00faben\u00fd event, kde budeme degustova\u0165 8 v\u00edn, ktor\u00e9 z\u00edskali zlato na prest\u00ed\u017enej vin\u00e1rskej s\u00fa\u0165a\u017ei AWC Vienna.<\/p>\n<p>Slovensko z\u00edskalo 62 zlat\u00fdch medaili\u00ed minul\u00fd rok, \u010do potvrdzuje vysok\u00fa kvalitu na\u0161ich v\u00edn.<\/p>\n<p>Pr\u00eddite ochutna\u0165 v\u00edna z tejto s\u00fa\u0165a\u017ee<strong> 24.6.2021 o 18.00.<\/strong><\/p>\n<\/div><\/div><div class=\"w-btn-wrapper align_none\"><a class=\"w-btn us-btn-style_4 us_custom_6c9a0c76\" href=\"https:\/\/salonvin.sk\/produkt\/vstupenka-na-podujatie\/\"><span class=\"w-btn-label\">K\u00fapi\u0165 vstupenku<\/span><\/a><\/div><\/div><\/div><\/div><\/div><\/div><\/section><section class=\"l-section wpb_row height_huge\"><div class=\"l-section-h i-cf\"><div class=\"g-cols vc_row via_flex valign_middle type_default stacking_default\"><div class=\"vc_col-sm-6 wpb_column vc_column_container\"><div class=\"vc_column-inner us_custom_c86002cd\"><div class=\"wpb_wrapper\">[vc_custom_heading text=&#8221;\u010co zah\u0155\u0148a vstupenka?&#8221; use_theme_fonts=&#8221;yes&#8221;]<div class=\"wpb_text_column\"><div class=\"wpb_wrapper\"><p>Vstupenka je 20 eur\/osoba.<\/p>\n<p><strong>Zah\u0155\u0148a:<\/strong><\/p>\n<ul>\n<li>vstup na degust\u00e1ciu &#8211; 8 vzoriek v\u00edna<\/li>\n<li>z\u00e1hryz ku v\u00ednku<\/li>\n<\/ul>\n<p>Stret\u00e1vame sa vo \u0161tvrtok <strong>24.6.2021 o 18.00 do 21.00.<\/strong><\/p>\n<\/div><\/div><div class=\"w-btn-wrapper align_none\"><a class=\"w-btn us-btn-style_4 us_custom_6c9a0c76\" href=\"https:\/\/salonvin.sk\/produkt\/vstupenka-na-podujatie\/\"><span class=\"w-btn-label\">K\u00fapi\u0165 vstupenku<\/span><\/a><\/div><\/div><\/div><\/div><div class=\"vc_col-sm-6 wpb_column vc_column_container us_animate_afr\" style=\"animation-delay:1s\"><div class=\"vc_column-inner us_custom_5b45a7cd\"><div class=\"wpb_wrapper\"><div class=\"w-image us_custom_0d9f474e obrazok_oble_rohy align_none\"><div class=\"w-image-h\"><img decoding=\"async\" width=\"1920\" height=\"1280\" src=\"https:\/\/salonvin.sk\/wp-content\/uploads\/2019\/10\/narodny-salon-vin-ochutnavka-vin-vinoteka-12-e1572270315858.jpeg\" class=\"attachment-full size-full\" alt=\"\" loading=\"lazy\" srcset=\"https:\/\/salonvin.sk\/wp-content\/uploads\/2019\/10\/narodny-salon-vin-ochutnavka-vin-vinoteka-12-e1572270315858.jpeg 1920w, https:\/\/salonvin.sk\/wp-content\/uploads\/2019\/10\/narodny-salon-vin-ochutnavka-vin-vinoteka-12-e1572270315858-600x400.jpeg 600w, https:\/\/salonvin.sk\/wp-content\/uploads\/2019\/10\/narodny-salon-vin-ochutnavka-vin-vinoteka-12-e1572270315858-300x200.jpeg 300w, https:\/\/salonvin.sk\/wp-content\/uploads\/2019\/10\/narodny-salon-vin-ochutnavka-vin-vinoteka-12-e1572270315858-1024x683.jpeg 1024w\" sizes=\"(max-width: 1920px) 100vw, 1920px\" \/><\/div><\/div><\/div><\/div><\/div><\/div><\/div><\/section><section class=\"l-section wpb_row height_huge color_alternate\"><div class=\"l-section-h i-cf\"><div class=\"g-cols vc_row via_flex valign_middle type_default stacking_default\"><div class=\"vc_col-sm-6 wpb_column vc_column_container us_animate_afl\" style=\"animation-delay:1s\"><div class=\"vc_column-inner us_custom_5b45a7cd\"><div class=\"wpb_wrapper\"><div class=\"w-image us_custom_1e482529 obrazok_oble_rohy align_none\"><div class=\"w-image-h\"><img decoding=\"async\" width=\"720\" height=\"1080\" src=\"https:\/\/salonvin.sk\/wp-content\/uploads\/2019\/10\/narodny-salon-vin-vinoteka-ochutnavka-vin-3.jpg\" class=\"attachment-full size-full\" alt=\"\" loading=\"lazy\" srcset=\"https:\/\/salonvin.sk\/wp-content\/uploads\/2019\/10\/narodny-salon-vin-vinoteka-ochutnavka-vin-3.jpg 720w, https:\/\/salonvin.sk\/wp-content\/uploads\/2019\/10\/narodny-salon-vin-vinoteka-ochutnavka-vin-3-600x900.jpg 600w, https:\/\/salonvin.sk\/wp-content\/uploads\/2019\/10\/narodny-salon-vin-vinoteka-ochutnavka-vin-3-200x300.jpg 200w, https:\/\/salonvin.sk\/wp-content\/uploads\/2019\/10\/narodny-salon-vin-vinoteka-ochutnavka-vin-3-683x1024.jpg 683w\" sizes=\"(max-width: 720px) 100vw, 720px\" \/><\/div><\/div><\/div><\/div><\/div><div class=\"vc_col-sm-6 wpb_column vc_column_container\"><div class=\"vc_column-inner us_custom_c86002cd\"><div class=\"wpb_wrapper\">[vc_custom_heading text=&#8221;Degust\u00e1cia zlat\u00fdch v\u00edn z AWC Vienna 2020 v historick\u00fdch priestoroch&#8221; use_theme_fonts=&#8221;yes&#8221;]<div class=\"wpb_text_column\"><div class=\"wpb_wrapper\"><p>Vychutnajte si degust\u00e1cia zlat\u00fdch slovensk\u00fdch v\u00edn z prest\u00ed\u017enej s\u00fa\u0165a\u017ee AWC Vienna 2020 v kr\u00e1snych historick\u00fdch priestoroch M\u00fazea vinohradn\u00edctva a vin\u00e1rstva SR, kde N\u00e1rodn\u00fd sal\u00f3n v\u00edn SR s\u00eddli.<\/p>\n<\/div><\/div><div class=\"w-btn-wrapper align_none\"><a class=\"w-btn us-btn-style_4 us_custom_6c9a0c76\" href=\"https:\/\/salonvin.sk\/produkt\/vstupenka-na-podujatie\/\"><span class=\"w-btn-label\">K\u00fapi\u0165 vstupenku<\/span><\/a><\/div><\/div><\/div><\/div><\/div><\/div><\/section><section class=\"l-section wpb_row height_huge\"><div class=\"l-section-h i-cf\"><div class=\"g-cols vc_row via_flex valign_middle type_default stacking_default\"><div class=\"vc_col-sm-6 wpb_column vc_column_container us_animate_afr\" style=\"animation-delay:1s\"><div class=\"vc_column-inner us_custom_5b45a7cd\"><div class=\"wpb_wrapper\"><div class=\"w-image align_none\"><div class=\"w-image-h\"><img decoding=\"async\" width=\"1000\" height=\"665\" src=\"https:\/\/salonvin.sk\/wp-content\/uploads\/2021\/01\/tibor_vittek.jpg\" class=\"attachment-large size-large\" alt=\"\" loading=\"lazy\" srcset=\"https:\/\/salonvin.sk\/wp-content\/uploads\/2021\/01\/tibor_vittek.jpg 1000w, https:\/\/salonvin.sk\/wp-content\/uploads\/2021\/01\/tibor_vittek-600x399.jpg 600w, https:\/\/salonvin.sk\/wp-content\/uploads\/2021\/01\/tibor_vittek-300x200.jpg 300w\" sizes=\"(max-width: 1000px) 100vw, 1000px\" \/><\/div><\/div><\/div><\/div><\/div><div class=\"vc_col-sm-6 wpb_column vc_column_container\"><div class=\"vc_column-inner\"><div class=\"wpb_wrapper\">[vc_custom_heading text=&#8221;Degust\u00e1ciu vedie expert na v\u00edno Tibor Vittek&#8221; use_theme_fonts=&#8221;yes&#8221;]<div class=\"wpb_text_column\"><div class=\"wpb_wrapper\"><ul>\n<li>Uzn\u00e1van\u00e1 autorita vo svete v\u00edna<\/li>\n<li>\u0160\u00e9fredaktor \u010dasopisu Vinot\u00e9ka<\/li>\n<li>V\u00ednu sa venuje u\u017e viac ako 30 rokov<\/li>\n<li>Je dr\u017eite\u013eom najvy\u0161\u0161ieho stup\u0148a degusta\u010dn\u00fdch sk\u00fa\u0161ok a \u010dlenom \u0161t\u00e1tnej komisie pre zatrie\u010fovanie v\u00edn.<\/li>\n<li>Vo funkcii predsedu komisie sa pravidelne z\u00fa\u010dast\u0148uje v\u00fdznamn\u00fdch<br \/>\nzahrani\u010dn\u00fdch s\u00fa\u0165a\u017e\u00ed:\u00a0 Concours Mondial du Bruxelles, Concours Mondial du Savignon, AWC Vienna,<\/li>\n<li>Ako novin\u00e1r tr\u00e1vi \u010das\u0165 roka n\u00e1v\u0161tevou vin\u00e1rskych, preva\u017ene eur\u00f3pskych regi\u00f3nov.<\/li>\n<li>Je zakladate\u013eom syst\u00e9mu hodnotenia v\u00edna online: VinkoPRO<\/li>\n<\/ul>\n<\/div><\/div><\/div><\/div><\/div><\/div><\/div><\/section><section class=\"l-section wpb_row height_medium\"><div class=\"l-section-h i-cf\"><div class=\"g-cols vc_row via_flex valign_top type_default stacking_default\"><div class=\"vc_col-sm-12 wpb_column vc_column_container\"><div class=\"vc_column-inner\"><div class=\"wpb_wrapper\"><div class=\"wpb_text_column\"><div class=\"wpb_wrapper\"><h4><strong>*Zmena programu, predn\u00e1\u0161aj\u00faceho a v\u00edn vyhraden\u00e1.<\/strong><\/h4>\n<h4><strong>*Po\u010det miest na sedenie je limitovan\u00fdch.<\/strong><\/h4>\n<\/div><\/div><\/div><\/div><\/div><\/div><\/div><\/section>\n","protected":false},"excerpt":{"rendered":"[vc_custom_heading text=\"Degust\u00e1cia zlat\u00fdch v\u00edn z AWC Vienna 2020\" use_theme_fonts=\"yes\"]Zlat\u00e9 v\u00edna z AWC Vienna\u00a0 Ob\u013e\u00faben\u00fd event, kde budeme degustova\u0165 8 v\u00edn, ktor\u00e9 z\u00edskali zlato na prest\u00ed\u017enej vin\u00e1rskej s\u00fa\u0165a\u017ei AWC Vienna. Slovensko z\u00edskalo 62 zlat\u00fdch medaili\u00ed minul\u00fd rok, \u010do potvrdzuje vysok\u00fa kvalitu na\u0161ich v\u00edn. Pr\u00eddite ochutna\u0165 v\u00edna z tejto s\u00fa\u0165a\u017ee 24.6.2021 o 18.00. K\u00fapi\u0165 vstupenku[vc_custom_heading text=\"\u010co zah\u0155\u0148a...","protected":false},"author":2,"featured_media":8951,"comment_status":"closed","ping_status":"open","sticky":false,"template":"","format":"standard","meta":{"footnotes":""},"categories":[18,21],"tags":[],"class_list":["post-8942","post","type-post","status-publish","format-standard","has-post-thumbnail","hentry","category-podujatia","category-vinarske-novinky"],"yoast_head":"<!-- This site is optimized with the Yoast SEO plugin v25.6 - https:\/\/yoast.com\/wordpress\/plugins\/seo\/ -->\n<title>Zlat\u00e9 slovensk\u00e9 v\u00edna z AWC Vienna 2020 - degust\u00e1cia v N\u00e1rodnom sal\u00f3ne v\u00edn SR - Sal\u00f3n v\u00edn<\/title>\n<meta name=\"robots\" content=\"index, follow, max-snippet:-1, max-image-preview:large, max-video-preview:-1\" \/>\n<link rel=\"canonical\" href=\"https:\/\/salonvin.sk\/en\/zlate-slovenske-vina-z-awc-vienna-2020-degustacia-v-narodnom-salone-vin-sr\/\" \/>\n<meta property=\"og:locale\" content=\"en_US\" \/>\n<meta property=\"og:type\" content=\"article\" \/>\n<meta property=\"og:title\" content=\"Zlat\u00e9 slovensk\u00e9 v\u00edna z AWC Vienna 2020 - degust\u00e1cia v N\u00e1rodnom sal\u00f3ne v\u00edn SR - Sal\u00f3n v\u00edn\" \/>\n<meta property=\"og:url\" content=\"https:\/\/salonvin.sk\/en\/zlate-slovenske-vina-z-awc-vienna-2020-degustacia-v-narodnom-salone-vin-sr\/\" \/>\n<meta property=\"og:site_name\" content=\"Sal\u00f3n v\u00edn\" \/>\n<meta property=\"article:publisher\" content=\"https:\/\/www.facebook.com\/narodnysalonvinslovenskejrepubliky\/\" \/>\n<meta property=\"article:published_time\" content=\"2021-06-11T15:14:34+00:00\" \/>\n<meta property=\"article:modified_time\" content=\"2021-07-01T08:51:39+00:00\" \/>\n<meta property=\"og:image\" content=\"https:\/\/salonvin.sk\/wp-content\/uploads\/2021\/06\/christmas-3021154_1920.jpg\" \/>\n\t<meta property=\"og:image:width\" content=\"1920\" \/>\n\t<meta property=\"og:image:height\" content=\"1280\" \/>\n\t<meta property=\"og:image:type\" content=\"image\/jpeg\" \/>\n<meta name=\"author\" content=\"Sal\u00f3n v\u00edn\" \/>\n<meta name=\"twitter:card\" content=\"summary_large_image\" \/>\n<meta name=\"twitter:label1\" content=\"Written by\" \/>\n\t<meta name=\"twitter:data1\" content=\"Sal\u00f3n v\u00edn\" \/>\n\t<meta name=\"twitter:label2\" content=\"Est. reading time\" \/>\n\t<meta name=\"twitter:data2\" content=\"2 minutes\" \/>\n<script type=\"application\/ld+json\" class=\"yoast-schema-graph\">{\"@context\":\"https:\/\/schema.org\",\"@graph\":[{\"@type\":\"WebPage\",\"@id\":\"https:\/\/salonvin.sk\/en\/zlate-slovenske-vina-z-awc-vienna-2020-degustacia-v-narodnom-salone-vin-sr\/\",\"url\":\"https:\/\/salonvin.sk\/en\/zlate-slovenske-vina-z-awc-vienna-2020-degustacia-v-narodnom-salone-vin-sr\/\",\"name\":\"Zlat\u00e9 slovensk\u00e9 v\u00edna z AWC Vienna 2020 - degust\u00e1cia v N\u00e1rodnom sal\u00f3ne v\u00edn SR - Sal\u00f3n v\u00edn\",\"isPartOf\":{\"@id\":\"https:\/\/salonvin.sk\/en\/#website\"},\"primaryImageOfPage\":{\"@id\":\"https:\/\/salonvin.sk\/en\/zlate-slovenske-vina-z-awc-vienna-2020-degustacia-v-narodnom-salone-vin-sr\/#primaryimage\"},\"image\":{\"@id\":\"https:\/\/salonvin.sk\/en\/zlate-slovenske-vina-z-awc-vienna-2020-degustacia-v-narodnom-salone-vin-sr\/#primaryimage\"},\"thumbnailUrl\":\"https:\/\/salonvin.sk\/wp-content\/uploads\/2021\/06\/christmas-3021154_1920.jpg\",\"datePublished\":\"2021-06-11T15:14:34+00:00\",\"dateModified\":\"2021-07-01T08:51:39+00:00\",\"author\":{\"@id\":\"https:\/\/salonvin.sk\/en\/#\/schema\/person\/30eacf6a595c9eed9c186d0e4b85a5d1\"},\"breadcrumb\":{\"@id\":\"https:\/\/salonvin.sk\/en\/zlate-slovenske-vina-z-awc-vienna-2020-degustacia-v-narodnom-salone-vin-sr\/#breadcrumb\"},\"inLanguage\":\"en-US\",\"potentialAction\":[{\"@type\":\"ReadAction\",\"target\":[\"https:\/\/salonvin.sk\/en\/zlate-slovenske-vina-z-awc-vienna-2020-degustacia-v-narodnom-salone-vin-sr\/\"]}]},{\"@type\":\"ImageObject\",\"inLanguage\":\"en-US\",\"@id\":\"https:\/\/salonvin.sk\/en\/zlate-slovenske-vina-z-awc-vienna-2020-degustacia-v-narodnom-salone-vin-sr\/#primaryimage\",\"url\":\"https:\/\/salonvin.sk\/wp-content\/uploads\/2021\/06\/christmas-3021154_1920.jpg\",\"contentUrl\":\"https:\/\/salonvin.sk\/wp-content\/uploads\/2021\/06\/christmas-3021154_1920.jpg\",\"width\":1920,\"height\":1280},{\"@type\":\"BreadcrumbList\",\"@id\":\"https:\/\/salonvin.sk\/en\/zlate-slovenske-vina-z-awc-vienna-2020-degustacia-v-narodnom-salone-vin-sr\/#breadcrumb\",\"itemListElement\":[{\"@type\":\"ListItem\",\"position\":1,\"name\":\"Home\",\"item\":\"https:\/\/salonvin.sk\/en\/\"},{\"@type\":\"ListItem\",\"position\":2,\"name\":\"Zlat\u00e9 slovensk\u00e9 v\u00edna z AWC Vienna 2020 &#8211; degust\u00e1cia v N\u00e1rodnom sal\u00f3ne v\u00edn SR\"}]},{\"@type\":\"WebSite\",\"@id\":\"https:\/\/salonvin.sk\/en\/#website\",\"url\":\"https:\/\/salonvin.sk\/en\/\",\"name\":\"Sal\u00f3n v\u00edn\",\"description\":\"\",\"potentialAction\":[{\"@type\":\"SearchAction\",\"target\":{\"@type\":\"EntryPoint\",\"urlTemplate\":\"https:\/\/salonvin.sk\/en\/?s={search_term_string}\"},\"query-input\":{\"@type\":\"PropertyValueSpecification\",\"valueRequired\":true,\"valueName\":\"search_term_string\"}}],\"inLanguage\":\"en-US\"},{\"@type\":\"Person\",\"@id\":\"https:\/\/salonvin.sk\/en\/#\/schema\/person\/30eacf6a595c9eed9c186d0e4b85a5d1\",\"name\":\"Sal\u00f3n v\u00edn\",\"image\":{\"@type\":\"ImageObject\",\"inLanguage\":\"en-US\",\"@id\":\"https:\/\/salonvin.sk\/en\/#\/schema\/person\/image\/\",\"url\":\"https:\/\/secure.gravatar.com\/avatar\/65aeed7f2ca54377c30931d86a683190?s=96&d=mm&r=g\",\"contentUrl\":\"https:\/\/secure.gravatar.com\/avatar\/65aeed7f2ca54377c30931d86a683190?s=96&d=mm&r=g\",\"caption\":\"Sal\u00f3n v\u00edn\"},\"url\":\"https:\/\/salonvin.sk\/en\/author\/salonadministratorvin\/\"}]}<\/script>\n<!-- \/ Yoast SEO plugin. -->","yoast_head_json":{"title":"Zlat\u00e9 slovensk\u00e9 v\u00edna z AWC Vienna 2020 - degust\u00e1cia v N\u00e1rodnom sal\u00f3ne v\u00edn SR - Sal\u00f3n v\u00edn","robots":{"index":"index","follow":"follow","max-snippet":"max-snippet:-1","max-image-preview":"max-image-preview:large","max-video-preview":"max-video-preview:-1"},"canonical":"https:\/\/salonvin.sk\/en\/zlate-slovenske-vina-z-awc-vienna-2020-degustacia-v-narodnom-salone-vin-sr\/","og_locale":"en_US","og_type":"article","og_title":"Zlat\u00e9 slovensk\u00e9 v\u00edna z AWC Vienna 2020 - degust\u00e1cia v N\u00e1rodnom sal\u00f3ne v\u00edn SR - Sal\u00f3n v\u00edn","og_url":"https:\/\/salonvin.sk\/en\/zlate-slovenske-vina-z-awc-vienna-2020-degustacia-v-narodnom-salone-vin-sr\/","og_site_name":"Sal\u00f3n v\u00edn","article_publisher":"https:\/\/www.facebook.com\/narodnysalonvinslovenskejrepubliky\/","article_published_time":"2021-06-11T15:14:34+00:00","article_modified_time":"2021-07-01T08:51:39+00:00","og_image":[{"width":1920,"height":1280,"url":"https:\/\/salonvin.sk\/wp-content\/uploads\/2021\/06\/christmas-3021154_1920.jpg","type":"image\/jpeg"}],"author":"Sal\u00f3n v\u00edn","twitter_card":"summary_large_image","twitter_misc":{"Written by":"Sal\u00f3n v\u00edn","Est. reading time":"2 minutes"},"schema":{"@context":"https:\/\/schema.org","@graph":[{"@type":"WebPage","@id":"https:\/\/salonvin.sk\/en\/zlate-slovenske-vina-z-awc-vienna-2020-degustacia-v-narodnom-salone-vin-sr\/","url":"https:\/\/salonvin.sk\/en\/zlate-slovenske-vina-z-awc-vienna-2020-degustacia-v-narodnom-salone-vin-sr\/","name":"Zlat\u00e9 slovensk\u00e9 v\u00edna z AWC Vienna 2020 - degust\u00e1cia v N\u00e1rodnom sal\u00f3ne v\u00edn SR - Sal\u00f3n v\u00edn","isPartOf":{"@id":"https:\/\/salonvin.sk\/en\/#website"},"primaryImageOfPage":{"@id":"https:\/\/salonvin.sk\/en\/zlate-slovenske-vina-z-awc-vienna-2020-degustacia-v-narodnom-salone-vin-sr\/#primaryimage"},"image":{"@id":"https:\/\/salonvin.sk\/en\/zlate-slovenske-vina-z-awc-vienna-2020-degustacia-v-narodnom-salone-vin-sr\/#primaryimage"},"thumbnailUrl":"https:\/\/salonvin.sk\/wp-content\/uploads\/2021\/06\/christmas-3021154_1920.jpg","datePublished":"2021-06-11T15:14:34+00:00","dateModified":"2021-07-01T08:51:39+00:00","author":{"@id":"https:\/\/salonvin.sk\/en\/#\/schema\/person\/30eacf6a595c9eed9c186d0e4b85a5d1"},"breadcrumb":{"@id":"https:\/\/salonvin.sk\/en\/zlate-slovenske-vina-z-awc-vienna-2020-degustacia-v-narodnom-salone-vin-sr\/#breadcrumb"},"inLanguage":"en-US","potentialAction":[{"@type":"ReadAction","target":["https:\/\/salonvin.sk\/en\/zlate-slovenske-vina-z-awc-vienna-2020-degustacia-v-narodnom-salone-vin-sr\/"]}]},{"@type":"ImageObject","inLanguage":"en-US","@id":"https:\/\/salonvin.sk\/en\/zlate-slovenske-vina-z-awc-vienna-2020-degustacia-v-narodnom-salone-vin-sr\/#primaryimage","url":"https:\/\/salonvin.sk\/wp-content\/uploads\/2021\/06\/christmas-3021154_1920.jpg","contentUrl":"https:\/\/salonvin.sk\/wp-content\/uploads\/2021\/06\/christmas-3021154_1920.jpg","width":1920,"height":1280},{"@type":"BreadcrumbList","@id":"https:\/\/salonvin.sk\/en\/zlate-slovenske-vina-z-awc-vienna-2020-degustacia-v-narodnom-salone-vin-sr\/#breadcrumb","itemListElement":[{"@type":"ListItem","position":1,"name":"Home","item":"https:\/\/salonvin.sk\/en\/"},{"@type":"ListItem","position":2,"name":"Zlat\u00e9 slovensk\u00e9 v\u00edna z AWC Vienna 2020 &#8211; degust\u00e1cia v N\u00e1rodnom sal\u00f3ne v\u00edn SR"}]},{"@type":"WebSite","@id":"https:\/\/salonvin.sk\/en\/#website","url":"https:\/\/salonvin.sk\/en\/","name":"Sal\u00f3n v\u00edn","description":"","potentialAction":[{"@type":"SearchAction","target":{"@type":"EntryPoint","urlTemplate":"https:\/\/salonvin.sk\/en\/?s={search_term_string}"},"query-input":{"@type":"PropertyValueSpecification","valueRequired":true,"valueName":"search_term_string"}}],"inLanguage":"en-US"},{"@type":"Person","@id":"https:\/\/salonvin.sk\/en\/#\/schema\/person\/30eacf6a595c9eed9c186d0e4b85a5d1","name":"Sal\u00f3n v\u00edn","image":{"@type":"ImageObject","inLanguage":"en-US","@id":"https:\/\/salonvin.sk\/en\/#\/schema\/person\/image\/","url":"https:\/\/secure.gravatar.com\/avatar\/65aeed7f2ca54377c30931d86a683190?s=96&d=mm&r=g","contentUrl":"https:\/\/secure.gravatar.com\/avatar\/65aeed7f2ca54377c30931d86a683190?s=96&d=mm&r=g","caption":"Sal\u00f3n v\u00edn"},"url":"https:\/\/salonvin.sk\/en\/author\/salonadministratorvin\/"}]}},"_links":{"self":[{"href":"https:\/\/salonvin.sk\/en\/wp-json\/wp\/v2\/posts\/8942"}],"collection":[{"href":"https:\/\/salonvin.sk\/en\/wp-json\/wp\/v2\/posts"}],"about":[{"href":"https:\/\/salonvin.sk\/en\/wp-json\/wp\/v2\/types\/post"}],"author":[{"embeddable":true,"href":"https:\/\/salonvin.sk\/en\/wp-json\/wp\/v2\/users\/2"}],"replies":[{"embeddable":true,"href":"https:\/\/salonvin.sk\/en\/wp-json\/wp\/v2\/comments?post=8942"}],"version-history":[{"count":10,"href":"https:\/\/salonvin.sk\/en\/wp-json\/wp\/v2\/posts\/8942\/revisions"}],"predecessor-version":[{"id":9225,"href":"https:\/\/salonvin.sk\/en\/wp-json\/wp\/v2\/posts\/8942\/revisions\/9225"}],"wp:featuredmedia":[{"embeddable":true,"href":"https:\/\/salonvin.sk\/en\/wp-json\/wp\/v2\/media\/8951"}],"wp:attachment":[{"href":"https:\/\/salonvin.sk\/en\/wp-json\/wp\/v2\/media?parent=8942"}],"wp:term":[{"taxonomy":"category","embeddable":true,"href":"https:\/\/salonvin.sk\/en\/wp-json\/wp\/v2\/categories?post=8942"},{"taxonomy":"post_tag","embeddable":true,"href":"https:\/\/salonvin.sk\/en\/wp-json\/wp\/v2\/tags?post=8942"}],"curies":[{"name":"wp","href":"https:\/\/api.w.org\/{rel}","templated":true}]}}